{"id":33868,"date":"2024-07-05T15:47:43","date_gmt":"2024-07-05T13:47:43","guid":{"rendered":"https:\/\/realstone.komunik.ch\/?post_type=actualite&#038;p=33868"},"modified":"2024-07-22T14:12:25","modified_gmt":"2024-07-22T12:12:25","slug":"es-ist-sommer-es-lebe-das-montreux-jazz-festival","status":"publish","type":"actualite","link":"https:\/\/realstone.ch\/de\/actualite\/es-ist-sommer-es-lebe-das-montreux-jazz-festival\/","title":{"rendered":"Es ist Sommer, es lebe das Montreux Jazz Festival!"},"content":{"rendered":"<p><strong>Dieses Jahr hat Realstone SA die Ehre, offizieller Partner des 58. Montreux Jazz Festivals zu sein, das vom 5. bis 20. Juli stattfindet.<\/strong><\/p>\n<p>Legend\u00e4re K\u00fcnstler f\u00fcr mythische Konzerte und musikalische Entdeckungen f\u00fcr unvergessliche Momente? Das ist das\u00a0<a href=\"https:\/\/www.montreuxjazzfestival.com\/de\/\">Montreux Jazz Festival<\/a>!<\/p>\n<p>Das kostenpflichtige Programm auf der Lac-B\u00fchne und der Casino-B\u00fchne ist wie jedes Jahr atemberaubend, w\u00e4hrend das kostenlose Programm wieder einmal den Schwerpunkt auf die F\u00f6rderung junger Talente und zuk\u00fcnftiger Stars aller Stilrichtungen legt.<\/p>\n<p>Konzerte, DJ-Sets, Poolpartys, Vorf\u00fchrungen, Workshops, Jam-Sessions\u2026 \u00dcber 500 Gratisaktivit\u00e4ten erwarten Sie beim 58. Montreux Jazz Festival! Ab dem 5. Juli k\u00f6nnen Sie endlich die neue Route des Festivals entlang der Uferpromenade entdecken, mit mehr Terrassen und B\u00fchnen als je zuvor.<\/p>\n<p><strong>Hier finden Sie das Programm:<\/strong><\/p>\n<p><a href=\"https:\/\/www.montreuxjazzfestival.com\/de\/programme\/\">Programm des Montreux Jazz Festival 2024<\/a><\/p>\n<p>&nbsp;<\/p>\n<p>Let the music play!<\/p>\n","protected":false},"featured_media":33821,"template":"","categories":[49],"tags":[65],"class_list":["post-33868","actualite","type-actualite","status-publish","has-post-thumbnail","hentry","category-realstone-sa","tag-aktualitat"],"acf":[],"yoast_head":"<!-- This site is optimized with the Yoast SEO plugin v27.5 - https:\/\/yoast.com\/product\/yoast-seo-wordpress\/ -->\n<title>Es ist Sommer, es lebe das Montreux Jazz Festival! - Realstone<\/title>\n<meta name=\"robots\" content=\"index, follow, max-snippet:-1, max-image-preview:large, max-video-preview:-1\" \/>\n<link rel=\"canonical\" href=\"https:\/\/realstone.ch\/de\/actualite\/es-ist-sommer-es-lebe-das-montreux-jazz-festival\/\" \/>\n<meta property=\"og:locale\" content=\"de_DE\" \/>\n<meta property=\"og:type\" content=\"article\" \/>\n<meta property=\"og:title\" content=\"Es ist Sommer, es lebe das Montreux Jazz Festival! - Realstone\" \/>\n<meta property=\"og:description\" content=\"Dieses Jahr hat Realstone SA die Ehre, offizieller Partner des 58. Montreux Jazz Festivals zu sein, das vom 5. bis 20. Juli stattfindet. Legend\u00e4re K\u00fcnstler f\u00fcr mythische Konzerte und musikalische Entdeckungen f\u00fcr unvergessliche Momente? Das ist das\u00a0Montreux Jazz Festival! Das kostenpflichtige Programm auf der Lac-B\u00fchne und der Casino-B\u00fchne ist wie jedes Jahr atemberaubend, w\u00e4hrend das [&hellip;]\" \/>\n<meta property=\"og:url\" content=\"https:\/\/realstone.ch\/de\/actualite\/es-ist-sommer-es-lebe-das-montreux-jazz-festival\/\" \/>\n<meta property=\"og:site_name\" content=\"Realstone\" \/>\n<meta property=\"article:modified_time\" content=\"2024-07-22T12:12:25+00:00\" \/>\n<meta property=\"og:image\" content=\"https:\/\/realstone.ch\/wp-content\/uploads\/2024\/07\/MJF24-Poster-A4-horizontal.jpg\" \/>\n\t<meta property=\"og:image:width\" content=\"800\" \/>\n\t<meta property=\"og:image:height\" content=\"566\" \/>\n\t<meta property=\"og:image:type\" content=\"image\/jpeg\" \/>\n<meta name=\"twitter:card\" content=\"summary_large_image\" \/>\n<meta name=\"twitter:label1\" content=\"Gesch\u00e4tzte Lesezeit\" \/>\n\t<meta name=\"twitter:data1\" content=\"1\u00a0Minute\" \/>\n<script type=\"application\/ld+json\" class=\"yoast-schema-graph\">{\"@context\":\"https:\\\/\\\/schema.org\",\"@graph\":[{\"@type\":\"WebPage\",\"@id\":\"https:\\\/\\\/realstone.ch\\\/de\\\/actualite\\\/es-ist-sommer-es-lebe-das-montreux-jazz-festival\\\/\",\"url\":\"https:\\\/\\\/realstone.ch\\\/de\\\/actualite\\\/es-ist-sommer-es-lebe-das-montreux-jazz-festival\\\/\",\"name\":\"Es ist Sommer, es lebe das Montreux Jazz Festival! - Realstone\",\"isPartOf\":{\"@id\":\"https:\\\/\\\/realstone.ch\\\/de\\\/#website\"},\"primaryImageOfPage\":{\"@id\":\"https:\\\/\\\/realstone.ch\\\/de\\\/actualite\\\/es-ist-sommer-es-lebe-das-montreux-jazz-festival\\\/#primaryimage\"},\"image\":{\"@id\":\"https:\\\/\\\/realstone.ch\\\/de\\\/actualite\\\/es-ist-sommer-es-lebe-das-montreux-jazz-festival\\\/#primaryimage\"},\"thumbnailUrl\":\"https:\\\/\\\/realstone.ch\\\/wp-content\\\/uploads\\\/2024\\\/07\\\/MJF24-Poster-A4-horizontal.jpg\",\"datePublished\":\"2024-07-05T13:47:43+00:00\",\"dateModified\":\"2024-07-22T12:12:25+00:00\",\"breadcrumb\":{\"@id\":\"https:\\\/\\\/realstone.ch\\\/de\\\/actualite\\\/es-ist-sommer-es-lebe-das-montreux-jazz-festival\\\/#breadcrumb\"},\"inLanguage\":\"de\",\"potentialAction\":[{\"@type\":\"ReadAction\",\"target\":[\"https:\\\/\\\/realstone.ch\\\/de\\\/actualite\\\/es-ist-sommer-es-lebe-das-montreux-jazz-festival\\\/\"]}]},{\"@type\":\"ImageObject\",\"inLanguage\":\"de\",\"@id\":\"https:\\\/\\\/realstone.ch\\\/de\\\/actualite\\\/es-ist-sommer-es-lebe-das-montreux-jazz-festival\\\/#primaryimage\",\"url\":\"https:\\\/\\\/realstone.ch\\\/wp-content\\\/uploads\\\/2024\\\/07\\\/MJF24-Poster-A4-horizontal.jpg\",\"contentUrl\":\"https:\\\/\\\/realstone.ch\\\/wp-content\\\/uploads\\\/2024\\\/07\\\/MJF24-Poster-A4-horizontal.jpg\",\"width\":800,\"height\":566},{\"@type\":\"BreadcrumbList\",\"@id\":\"https:\\\/\\\/realstone.ch\\\/de\\\/actualite\\\/es-ist-sommer-es-lebe-das-montreux-jazz-festival\\\/#breadcrumb\",\"itemListElement\":[{\"@type\":\"ListItem\",\"position\":1,\"name\":\"Accueil\",\"item\":\"https:\\\/\\\/realstone.ch\\\/de\\\/\"},{\"@type\":\"ListItem\",\"position\":2,\"name\":\"Es ist Sommer, es lebe das Montreux Jazz Festival!\"}]},{\"@type\":\"WebSite\",\"@id\":\"https:\\\/\\\/realstone.ch\\\/de\\\/#website\",\"url\":\"https:\\\/\\\/realstone.ch\\\/de\\\/\",\"name\":\"Realstone\",\"description\":\"\",\"publisher\":{\"@id\":\"https:\\\/\\\/realstone.ch\\\/de\\\/#organization\"},\"potentialAction\":[{\"@type\":\"SearchAction\",\"target\":{\"@type\":\"EntryPoint\",\"urlTemplate\":\"https:\\\/\\\/realstone.ch\\\/de\\\/?s={search_term_string}\"},\"query-input\":{\"@type\":\"PropertyValueSpecification\",\"valueRequired\":true,\"valueName\":\"search_term_string\"}}],\"inLanguage\":\"de\"},{\"@type\":\"Organization\",\"@id\":\"https:\\\/\\\/realstone.ch\\\/de\\\/#organization\",\"name\":\"Realstone\",\"url\":\"https:\\\/\\\/realstone.ch\\\/de\\\/\",\"logo\":{\"@type\":\"ImageObject\",\"inLanguage\":\"de\",\"@id\":\"https:\\\/\\\/realstone.ch\\\/de\\\/#\\\/schema\\\/logo\\\/image\\\/\",\"url\":\"https:\\\/\\\/realstone.ch\\\/wp-content\\\/uploads\\\/2023\\\/06\\\/Logo_Realstone_bleu.svg\",\"contentUrl\":\"https:\\\/\\\/realstone.ch\\\/wp-content\\\/uploads\\\/2023\\\/06\\\/Logo_Realstone_bleu.svg\",\"width\":283,\"height\":29,\"caption\":\"Realstone\"},\"image\":{\"@id\":\"https:\\\/\\\/realstone.ch\\\/de\\\/#\\\/schema\\\/logo\\\/image\\\/\"},\"sameAs\":[\"https:\\\/\\\/www.linkedin.com\\\/company\\\/realstone-group\\\/\"]}]}<\/script>\n<!-- \/ Yoast SEO plugin. -->","yoast_head_json":{"title":"Es ist Sommer, es lebe das Montreux Jazz Festival! - Realstone","robots":{"index":"index","follow":"follow","max-snippet":"max-snippet:-1","max-image-preview":"max-image-preview:large","max-video-preview":"max-video-preview:-1"},"canonical":"https:\/\/realstone.ch\/de\/actualite\/es-ist-sommer-es-lebe-das-montreux-jazz-festival\/","og_locale":"de_DE","og_type":"article","og_title":"Es ist Sommer, es lebe das Montreux Jazz Festival! - Realstone","og_description":"Dieses Jahr hat Realstone SA die Ehre, offizieller Partner des 58. Montreux Jazz Festivals zu sein, das vom 5. bis 20. Juli stattfindet. Legend\u00e4re K\u00fcnstler f\u00fcr mythische Konzerte und musikalische Entdeckungen f\u00fcr unvergessliche Momente? Das ist das\u00a0Montreux Jazz Festival! Das kostenpflichtige Programm auf der Lac-B\u00fchne und der Casino-B\u00fchne ist wie jedes Jahr atemberaubend, w\u00e4hrend das [&hellip;]","og_url":"https:\/\/realstone.ch\/de\/actualite\/es-ist-sommer-es-lebe-das-montreux-jazz-festival\/","og_site_name":"Realstone","article_modified_time":"2024-07-22T12:12:25+00:00","og_image":[{"width":800,"height":566,"url":"https:\/\/realstone.ch\/wp-content\/uploads\/2024\/07\/MJF24-Poster-A4-horizontal.jpg","type":"image\/jpeg"}],"twitter_card":"summary_large_image","twitter_misc":{"Gesch\u00e4tzte Lesezeit":"1\u00a0Minute"},"schema":{"@context":"https:\/\/schema.org","@graph":[{"@type":"WebPage","@id":"https:\/\/realstone.ch\/de\/actualite\/es-ist-sommer-es-lebe-das-montreux-jazz-festival\/","url":"https:\/\/realstone.ch\/de\/actualite\/es-ist-sommer-es-lebe-das-montreux-jazz-festival\/","name":"Es ist Sommer, es lebe das Montreux Jazz Festival! - Realstone","isPartOf":{"@id":"https:\/\/realstone.ch\/de\/#website"},"primaryImageOfPage":{"@id":"https:\/\/realstone.ch\/de\/actualite\/es-ist-sommer-es-lebe-das-montreux-jazz-festival\/#primaryimage"},"image":{"@id":"https:\/\/realstone.ch\/de\/actualite\/es-ist-sommer-es-lebe-das-montreux-jazz-festival\/#primaryimage"},"thumbnailUrl":"https:\/\/realstone.ch\/wp-content\/uploads\/2024\/07\/MJF24-Poster-A4-horizontal.jpg","datePublished":"2024-07-05T13:47:43+00:00","dateModified":"2024-07-22T12:12:25+00:00","breadcrumb":{"@id":"https:\/\/realstone.ch\/de\/actualite\/es-ist-sommer-es-lebe-das-montreux-jazz-festival\/#breadcrumb"},"inLanguage":"de","potentialAction":[{"@type":"ReadAction","target":["https:\/\/realstone.ch\/de\/actualite\/es-ist-sommer-es-lebe-das-montreux-jazz-festival\/"]}]},{"@type":"ImageObject","inLanguage":"de","@id":"https:\/\/realstone.ch\/de\/actualite\/es-ist-sommer-es-lebe-das-montreux-jazz-festival\/#primaryimage","url":"https:\/\/realstone.ch\/wp-content\/uploads\/2024\/07\/MJF24-Poster-A4-horizontal.jpg","contentUrl":"https:\/\/realstone.ch\/wp-content\/uploads\/2024\/07\/MJF24-Poster-A4-horizontal.jpg","width":800,"height":566},{"@type":"BreadcrumbList","@id":"https:\/\/realstone.ch\/de\/actualite\/es-ist-sommer-es-lebe-das-montreux-jazz-festival\/#breadcrumb","itemListElement":[{"@type":"ListItem","position":1,"name":"Accueil","item":"https:\/\/realstone.ch\/de\/"},{"@type":"ListItem","position":2,"name":"Es ist Sommer, es lebe das Montreux Jazz Festival!"}]},{"@type":"WebSite","@id":"https:\/\/realstone.ch\/de\/#website","url":"https:\/\/realstone.ch\/de\/","name":"Realstone","description":"","publisher":{"@id":"https:\/\/realstone.ch\/de\/#organization"},"potentialAction":[{"@type":"SearchAction","target":{"@type":"EntryPoint","urlTemplate":"https:\/\/realstone.ch\/de\/?s={search_term_string}"},"query-input":{"@type":"PropertyValueSpecification","valueRequired":true,"valueName":"search_term_string"}}],"inLanguage":"de"},{"@type":"Organization","@id":"https:\/\/realstone.ch\/de\/#organization","name":"Realstone","url":"https:\/\/realstone.ch\/de\/","logo":{"@type":"ImageObject","inLanguage":"de","@id":"https:\/\/realstone.ch\/de\/#\/schema\/logo\/image\/","url":"https:\/\/realstone.ch\/wp-content\/uploads\/2023\/06\/Logo_Realstone_bleu.svg","contentUrl":"https:\/\/realstone.ch\/wp-content\/uploads\/2023\/06\/Logo_Realstone_bleu.svg","width":283,"height":29,"caption":"Realstone"},"image":{"@id":"https:\/\/realstone.ch\/de\/#\/schema\/logo\/image\/"},"sameAs":["https:\/\/www.linkedin.com\/company\/realstone-group\/"]}]}},"_links":{"self":[{"href":"https:\/\/realstone.ch\/de\/wp-json\/wp\/v2\/actualite\/33868","targetHints":{"allow":["GET"]}}],"collection":[{"href":"https:\/\/realstone.ch\/de\/wp-json\/wp\/v2\/actualite"}],"about":[{"href":"https:\/\/realstone.ch\/de\/wp-json\/wp\/v2\/types\/actualite"}],"wp:featuredmedia":[{"embeddable":true,"href":"https:\/\/realstone.ch\/de\/wp-json\/wp\/v2\/media\/33821"}],"wp:attachment":[{"href":"https:\/\/realstone.ch\/de\/wp-json\/wp\/v2\/media?parent=33868"}],"wp:term":[{"taxonomy":"category","embeddable":true,"href":"https:\/\/realstone.ch\/de\/wp-json\/wp\/v2\/categories?post=33868"},{"taxonomy":"post_tag","embeddable":true,"href":"https:\/\/realstone.ch\/de\/wp-json\/wp\/v2\/tags?post=33868"}],"curies":[{"name":"wp","href":"https:\/\/api.w.org\/{rel}","templated":true}]}}