{"id":40774,"date":"2025-04-09T18:01:36","date_gmt":"2025-04-09T16:01:36","guid":{"rendered":"https:\/\/realstone.ch\/?post_type=actualite&#038;p=40774"},"modified":"2025-04-09T18:02:08","modified_gmt":"2025-04-09T16:02:08","slug":"geplante-kapitalerhohung-im-juni-2025","status":"publish","type":"actualite","link":"https:\/\/realstone.ch\/de\/actualite\/geplante-kapitalerhohung-im-juni-2025\/","title":{"rendered":"Geplante Kapitalerh\u00f6hung im Juni 2025"},"content":{"rendered":"<p><strong>Die Fondsleitung Realstone SA plant f\u00fcr den Anlagefonds Realstone RSF im Juni 2025 eine Kapitalerh\u00f6hung zwischen CHF 150 und 200 Millionen. Durch diese Angabe neuer Anteile wird der Erwerb von Liegenschaften finanziert werden. <\/strong><\/p>\n<p>Der Fonds Realstone RSF hat k\u00fcrzlich den Erwerb einer ersten Liegenschaft im Wert von CHF 94 Millionen unterzeichnet. Gleichzeitig setzt der Fonds seine Wachstumsstrategie fort, indem er in wertsch\u00f6pfende Projekte innerhalb des bestehenden Portfolios investiert, insbesondere in Verdichtungs-\/Renovierungs- oder Neupositionierungsarbeiten. Diese Massnahmen sind Teil des F\u00fcnfjahresplans, der es dem Fonds Realstone RSF erm\u00f6glichen wird, einen Nettoertrag pro Anteil von 3% des Nettoinventarwerts (NAV) anzustreben \u2013 insbesondere durch die Reduzierung der Mietzinsausfallrate auf 3% \u2013 und bis 2029 70% der Einnahmen aus Wohnimmobilien zu erzielen.<\/p>\n<p>Um diese Investitionen zu finanzieren, die die Qualit\u00e4t und Leistungsf\u00e4higkeit seines Portfolios dauerhaft st\u00e4rken und gleichzeitig einen Verschuldungsgrad von unter 30% aufrechterhalten werden, plant der Fonds Realstone RSF die Ausgabe neuer Anteile in H\u00f6he von CHF 150 bis 200 Millionen. Die Bezugsrechte werden im Juni 2025 an der SIX Swiss Exchange gehandelt.<\/p>\n<p>Die genauen Modalit\u00e4ten der Transaktion werden zu einem sp\u00e4teren Zeitpunkt mitgeteilt.<\/p>\n<p><strong>Realstone RSF \u2013 in K\u00fcrze <\/strong><br \/>\n\u2022\tImmobilienanlagefonds nach Schweizer Recht, der 2008 aufgelegt wurde<br \/>\n\u2022\tISIN: CH0039415010 \/ Valorennummer: 394150<br \/>\n\u2022\tPortfolio von 85 Liegenschaften mit einem Gesamtverm\u00f6gen von CHF 2.5 Milliarden<br \/>\n\u2022\t52% der Liegenschaften sind neu oder weniger als 15 Jahre alt<br \/>\n\u2022\tHaupts\u00e4chlich Wohnimmobilien in den grossen und mittelgrossen st\u00e4dtischen Zentren der Schweiz, wo die wirtschaftliche Attraktivit\u00e4t und das Bev\u00f6lkerungswachstum eine starke Nachfrage erzeugen, insbesondere in den Kantonen Z\u00fcrich (31.6%), Waadt (30.2%), Freiburg (8.9%), Aargau (8.4%), Genf (7.1%) und Bern (3.2%)<br \/>\n\u2022\tZielsetzung einer Aussch\u00fcttung von 3% des Nettoinventarwerts (NAV)<br \/>\n\u2022\tAktives Asset Management und Wertsch\u00f6pfung durch Verdichtungen\/Aufstockungen, Renovierungen von Wohnungen oder Neupositionierung von Verm\u00f6genswerten<br \/>\n\u2022\tStarkes Engagement f\u00fcr Nachhaltigkeit mit dem Ziel, die CO2-Emissionen bis 2031 auf maximal 20 kg\/m\u00b2\/Jahr zu begrenzen (basierend auf der Berechnungsnorm SIA 380) mit einer auf 10 Jahre geplanten Energiewende des Portfolios<\/p>\n","protected":false},"featured_media":40773,"template":"","categories":[47],"tags":[59],"class_list":["post-40774","actualite","type-actualite","status-publish","has-post-thumbnail","hentry","category-realstone-rsf-de","tag-art-53"],"acf":[],"yoast_head":"<!-- This site is optimized with the Yoast SEO plugin v27.5 - https:\/\/yoast.com\/product\/yoast-seo-wordpress\/ -->\n<title>Geplante Kapitalerh\u00f6hung im Juni 2025 - Realstone<\/title>\n<meta name=\"robots\" content=\"index, follow, max-snippet:-1, max-image-preview:large, max-video-preview:-1\" \/>\n<link rel=\"canonical\" href=\"https:\/\/realstone.ch\/de\/actualite\/geplante-kapitalerhohung-im-juni-2025\/\" \/>\n<meta property=\"og:locale\" content=\"de_DE\" \/>\n<meta property=\"og:type\" content=\"article\" \/>\n<meta property=\"og:title\" content=\"Geplante Kapitalerh\u00f6hung im Juni 2025 - Realstone\" \/>\n<meta property=\"og:description\" content=\"Die Fondsleitung Realstone SA plant f\u00fcr den Anlagefonds Realstone RSF im Juni 2025 eine Kapitalerh\u00f6hung zwischen CHF 150 und 200 Millionen. Durch diese Angabe neuer Anteile wird der Erwerb von Liegenschaften finanziert werden. Der Fonds Realstone RSF hat k\u00fcrzlich den Erwerb einer ersten Liegenschaft im Wert von CHF 94 Millionen unterzeichnet. Gleichzeitig setzt der Fonds [&hellip;]\" \/>\n<meta property=\"og:url\" content=\"https:\/\/realstone.ch\/de\/actualite\/geplante-kapitalerhohung-im-juni-2025\/\" \/>\n<meta property=\"og:site_name\" content=\"Realstone\" \/>\n<meta property=\"article:modified_time\" content=\"2025-04-09T16:02:08+00:00\" \/>\n<meta property=\"og:image\" content=\"https:\/\/realstone.ch\/wp-content\/uploads\/2025\/04\/Spreitenbach-AG-Willestrasse-5-7-photo-Y.-Bartolozzi_HD-1024x683.jpg\" \/>\n\t<meta property=\"og:image:width\" content=\"1024\" \/>\n\t<meta property=\"og:image:height\" content=\"683\" \/>\n\t<meta property=\"og:image:type\" content=\"image\/jpeg\" \/>\n<meta name=\"twitter:card\" content=\"summary_large_image\" \/>\n<meta name=\"twitter:label1\" content=\"Gesch\u00e4tzte Lesezeit\" \/>\n\t<meta name=\"twitter:data1\" content=\"2\u00a0Minuten\" \/>\n<script type=\"application\/ld+json\" class=\"yoast-schema-graph\">{\"@context\":\"https:\\\/\\\/schema.org\",\"@graph\":[{\"@type\":\"WebPage\",\"@id\":\"https:\\\/\\\/realstone.ch\\\/de\\\/actualite\\\/geplante-kapitalerhohung-im-juni-2025\\\/\",\"url\":\"https:\\\/\\\/realstone.ch\\\/de\\\/actualite\\\/geplante-kapitalerhohung-im-juni-2025\\\/\",\"name\":\"Geplante Kapitalerh\u00f6hung im Juni 2025 - Realstone\",\"isPartOf\":{\"@id\":\"https:\\\/\\\/realstone.ch\\\/de\\\/#website\"},\"primaryImageOfPage\":{\"@id\":\"https:\\\/\\\/realstone.ch\\\/de\\\/actualite\\\/geplante-kapitalerhohung-im-juni-2025\\\/#primaryimage\"},\"image\":{\"@id\":\"https:\\\/\\\/realstone.ch\\\/de\\\/actualite\\\/geplante-kapitalerhohung-im-juni-2025\\\/#primaryimage\"},\"thumbnailUrl\":\"https:\\\/\\\/realstone.ch\\\/wp-content\\\/uploads\\\/2025\\\/04\\\/Spreitenbach-AG-Willestrasse-5-7-photo-Y.-Bartolozzi_HD.jpg\",\"datePublished\":\"2025-04-09T16:01:36+00:00\",\"dateModified\":\"2025-04-09T16:02:08+00:00\",\"breadcrumb\":{\"@id\":\"https:\\\/\\\/realstone.ch\\\/de\\\/actualite\\\/geplante-kapitalerhohung-im-juni-2025\\\/#breadcrumb\"},\"inLanguage\":\"de\",\"potentialAction\":[{\"@type\":\"ReadAction\",\"target\":[\"https:\\\/\\\/realstone.ch\\\/de\\\/actualite\\\/geplante-kapitalerhohung-im-juni-2025\\\/\"]}]},{\"@type\":\"ImageObject\",\"inLanguage\":\"de\",\"@id\":\"https:\\\/\\\/realstone.ch\\\/de\\\/actualite\\\/geplante-kapitalerhohung-im-juni-2025\\\/#primaryimage\",\"url\":\"https:\\\/\\\/realstone.ch\\\/wp-content\\\/uploads\\\/2025\\\/04\\\/Spreitenbach-AG-Willestrasse-5-7-photo-Y.-Bartolozzi_HD.jpg\",\"contentUrl\":\"https:\\\/\\\/realstone.ch\\\/wp-content\\\/uploads\\\/2025\\\/04\\\/Spreitenbach-AG-Willestrasse-5-7-photo-Y.-Bartolozzi_HD.jpg\",\"width\":8256,\"height\":5504},{\"@type\":\"BreadcrumbList\",\"@id\":\"https:\\\/\\\/realstone.ch\\\/de\\\/actualite\\\/geplante-kapitalerhohung-im-juni-2025\\\/#breadcrumb\",\"itemListElement\":[{\"@type\":\"ListItem\",\"position\":1,\"name\":\"Accueil\",\"item\":\"https:\\\/\\\/realstone.ch\\\/de\\\/\"},{\"@type\":\"ListItem\",\"position\":2,\"name\":\"Geplante Kapitalerh\u00f6hung im Juni 2025\"}]},{\"@type\":\"WebSite\",\"@id\":\"https:\\\/\\\/realstone.ch\\\/de\\\/#website\",\"url\":\"https:\\\/\\\/realstone.ch\\\/de\\\/\",\"name\":\"Realstone\",\"description\":\"\",\"publisher\":{\"@id\":\"https:\\\/\\\/realstone.ch\\\/de\\\/#organization\"},\"potentialAction\":[{\"@type\":\"SearchAction\",\"target\":{\"@type\":\"EntryPoint\",\"urlTemplate\":\"https:\\\/\\\/realstone.ch\\\/de\\\/?s={search_term_string}\"},\"query-input\":{\"@type\":\"PropertyValueSpecification\",\"valueRequired\":true,\"valueName\":\"search_term_string\"}}],\"inLanguage\":\"de\"},{\"@type\":\"Organization\",\"@id\":\"https:\\\/\\\/realstone.ch\\\/de\\\/#organization\",\"name\":\"Realstone\",\"url\":\"https:\\\/\\\/realstone.ch\\\/de\\\/\",\"logo\":{\"@type\":\"ImageObject\",\"inLanguage\":\"de\",\"@id\":\"https:\\\/\\\/realstone.ch\\\/de\\\/#\\\/schema\\\/logo\\\/image\\\/\",\"url\":\"https:\\\/\\\/realstone.ch\\\/wp-content\\\/uploads\\\/2023\\\/06\\\/Logo_Realstone_bleu.svg\",\"contentUrl\":\"https:\\\/\\\/realstone.ch\\\/wp-content\\\/uploads\\\/2023\\\/06\\\/Logo_Realstone_bleu.svg\",\"width\":283,\"height\":29,\"caption\":\"Realstone\"},\"image\":{\"@id\":\"https:\\\/\\\/realstone.ch\\\/de\\\/#\\\/schema\\\/logo\\\/image\\\/\"},\"sameAs\":[\"https:\\\/\\\/www.linkedin.com\\\/company\\\/realstone-group\\\/\"]}]}<\/script>\n<!-- \/ Yoast SEO plugin. -->","yoast_head_json":{"title":"Geplante Kapitalerh\u00f6hung im Juni 2025 - Realstone","robots":{"index":"index","follow":"follow","max-snippet":"max-snippet:-1","max-image-preview":"max-image-preview:large","max-video-preview":"max-video-preview:-1"},"canonical":"https:\/\/realstone.ch\/de\/actualite\/geplante-kapitalerhohung-im-juni-2025\/","og_locale":"de_DE","og_type":"article","og_title":"Geplante Kapitalerh\u00f6hung im Juni 2025 - Realstone","og_description":"Die Fondsleitung Realstone SA plant f\u00fcr den Anlagefonds Realstone RSF im Juni 2025 eine Kapitalerh\u00f6hung zwischen CHF 150 und 200 Millionen. Durch diese Angabe neuer Anteile wird der Erwerb von Liegenschaften finanziert werden. Der Fonds Realstone RSF hat k\u00fcrzlich den Erwerb einer ersten Liegenschaft im Wert von CHF 94 Millionen unterzeichnet. Gleichzeitig setzt der Fonds [&hellip;]","og_url":"https:\/\/realstone.ch\/de\/actualite\/geplante-kapitalerhohung-im-juni-2025\/","og_site_name":"Realstone","article_modified_time":"2025-04-09T16:02:08+00:00","og_image":[{"width":1024,"height":683,"url":"https:\/\/realstone.ch\/wp-content\/uploads\/2025\/04\/Spreitenbach-AG-Willestrasse-5-7-photo-Y.-Bartolozzi_HD-1024x683.jpg","type":"image\/jpeg"}],"twitter_card":"summary_large_image","twitter_misc":{"Gesch\u00e4tzte Lesezeit":"2\u00a0Minuten"},"schema":{"@context":"https:\/\/schema.org","@graph":[{"@type":"WebPage","@id":"https:\/\/realstone.ch\/de\/actualite\/geplante-kapitalerhohung-im-juni-2025\/","url":"https:\/\/realstone.ch\/de\/actualite\/geplante-kapitalerhohung-im-juni-2025\/","name":"Geplante Kapitalerh\u00f6hung im Juni 2025 - Realstone","isPartOf":{"@id":"https:\/\/realstone.ch\/de\/#website"},"primaryImageOfPage":{"@id":"https:\/\/realstone.ch\/de\/actualite\/geplante-kapitalerhohung-im-juni-2025\/#primaryimage"},"image":{"@id":"https:\/\/realstone.ch\/de\/actualite\/geplante-kapitalerhohung-im-juni-2025\/#primaryimage"},"thumbnailUrl":"https:\/\/realstone.ch\/wp-content\/uploads\/2025\/04\/Spreitenbach-AG-Willestrasse-5-7-photo-Y.-Bartolozzi_HD.jpg","datePublished":"2025-04-09T16:01:36+00:00","dateModified":"2025-04-09T16:02:08+00:00","breadcrumb":{"@id":"https:\/\/realstone.ch\/de\/actualite\/geplante-kapitalerhohung-im-juni-2025\/#breadcrumb"},"inLanguage":"de","potentialAction":[{"@type":"ReadAction","target":["https:\/\/realstone.ch\/de\/actualite\/geplante-kapitalerhohung-im-juni-2025\/"]}]},{"@type":"ImageObject","inLanguage":"de","@id":"https:\/\/realstone.ch\/de\/actualite\/geplante-kapitalerhohung-im-juni-2025\/#primaryimage","url":"https:\/\/realstone.ch\/wp-content\/uploads\/2025\/04\/Spreitenbach-AG-Willestrasse-5-7-photo-Y.-Bartolozzi_HD.jpg","contentUrl":"https:\/\/realstone.ch\/wp-content\/uploads\/2025\/04\/Spreitenbach-AG-Willestrasse-5-7-photo-Y.-Bartolozzi_HD.jpg","width":8256,"height":5504},{"@type":"BreadcrumbList","@id":"https:\/\/realstone.ch\/de\/actualite\/geplante-kapitalerhohung-im-juni-2025\/#breadcrumb","itemListElement":[{"@type":"ListItem","position":1,"name":"Accueil","item":"https:\/\/realstone.ch\/de\/"},{"@type":"ListItem","position":2,"name":"Geplante Kapitalerh\u00f6hung im Juni 2025"}]},{"@type":"WebSite","@id":"https:\/\/realstone.ch\/de\/#website","url":"https:\/\/realstone.ch\/de\/","name":"Realstone","description":"","publisher":{"@id":"https:\/\/realstone.ch\/de\/#organization"},"potentialAction":[{"@type":"SearchAction","target":{"@type":"EntryPoint","urlTemplate":"https:\/\/realstone.ch\/de\/?s={search_term_string}"},"query-input":{"@type":"PropertyValueSpecification","valueRequired":true,"valueName":"search_term_string"}}],"inLanguage":"de"},{"@type":"Organization","@id":"https:\/\/realstone.ch\/de\/#organization","name":"Realstone","url":"https:\/\/realstone.ch\/de\/","logo":{"@type":"ImageObject","inLanguage":"de","@id":"https:\/\/realstone.ch\/de\/#\/schema\/logo\/image\/","url":"https:\/\/realstone.ch\/wp-content\/uploads\/2023\/06\/Logo_Realstone_bleu.svg","contentUrl":"https:\/\/realstone.ch\/wp-content\/uploads\/2023\/06\/Logo_Realstone_bleu.svg","width":283,"height":29,"caption":"Realstone"},"image":{"@id":"https:\/\/realstone.ch\/de\/#\/schema\/logo\/image\/"},"sameAs":["https:\/\/www.linkedin.com\/company\/realstone-group\/"]}]}},"_links":{"self":[{"href":"https:\/\/realstone.ch\/de\/wp-json\/wp\/v2\/actualite\/40774","targetHints":{"allow":["GET"]}}],"collection":[{"href":"https:\/\/realstone.ch\/de\/wp-json\/wp\/v2\/actualite"}],"about":[{"href":"https:\/\/realstone.ch\/de\/wp-json\/wp\/v2\/types\/actualite"}],"wp:featuredmedia":[{"embeddable":true,"href":"https:\/\/realstone.ch\/de\/wp-json\/wp\/v2\/media\/40773"}],"wp:attachment":[{"href":"https:\/\/realstone.ch\/de\/wp-json\/wp\/v2\/media?parent=40774"}],"wp:term":[{"taxonomy":"category","embeddable":true,"href":"https:\/\/realstone.ch\/de\/wp-json\/wp\/v2\/categories?post=40774"},{"taxonomy":"post_tag","embeddable":true,"href":"https:\/\/realstone.ch\/de\/wp-json\/wp\/v2\/tags?post=40774"}],"curies":[{"name":"wp","href":"https:\/\/api.w.org\/{rel}","templated":true}]}}